{"id":250,"date":"2025-03-05T14:44:00","date_gmt":"2025-03-05T13:44:00","guid":{"rendered":"https:\/\/alloggio.qodeinteractive.com\/?p=250"},"modified":"2025-04-22T11:11:16","modified_gmt":"2025-04-22T09:11:16","slug":"musei-vaticani","status":"publish","type":"post","link":"https:\/\/www.frattina57.com\/index.php\/2025\/03\/05\/musei-vaticani\/","title":{"rendered":"Musei Vaticani"},"content":{"rendered":"\t\t<div data-elementor-type=\"wp-post\" data-elementor-id=\"250\" class=\"elementor elementor-250\" data-elementor-post-type=\"post\">\n\t\t\t\t\t\t<section class=\"elementor-section elementor-top-section elementor-element elementor-element-41b9058 elementor-section-full_width elementor-section-height-default elementor-section-height-default wpr-particle-no wpr-jarallax-no wpr-parallax-no wpr-sticky-section-no qodef-elementor-content-no\" data-id=\"41b9058\" data-element_type=\"section\">\n\t\t\t\t\t\t<div class=\"elementor-container elementor-column-gap-no\">\n\t\t\t\t\t<div class=\"elementor-column elementor-col-100 elementor-top-column elementor-element elementor-element-a53ba4a\" data-id=\"a53ba4a\" data-element_type=\"column\">\n\t\t\t<div class=\"elementor-widget-wrap elementor-element-populated\">\n\t\t\t\t\t\t<div class=\"elementor-element elementor-element-9e9c7ef elementor-widget elementor-widget-alloggio_core_dropcaps\" data-id=\"9e9c7ef\" data-element_type=\"widget\" data-widget_type=\"alloggio_core_dropcaps.default\">\n\t\t\t\t<div class=\"elementor-widget-container\">\n\t\t\t\t\t<div class=\"qodef-shortcode qodef-m  qodef-dropcaps qodef-type--simple\">\n\t<span class=\"qodef-m-letter\" >C<\/span>\n\t\t\t<p class=\"qodef-m-text\" >on un strabiliante passeggiata nel cuore di Roma, partendo dal nostro esclusivo B&amp;B nel centro storico, \u00e8 molto semplice raggiungere il Vaticano, la Basilica di San Pietro e ammirare la magnificenza dei Musei Vaticani, il complesso museale pi\u00f9 importante in Italia. Tra queste mura sono custodite le opere di importanti artisti, noti in tutto il mondo.<\/p>\n\t<\/div>\t\t\t\t<\/div>\n\t\t\t\t<\/div>\n\t\t\t\t\t<\/div>\n\t\t<\/div>\n\t\t\t\t\t<\/div>\n\t\t<\/section>\n\t\t\t\t<section class=\"elementor-section elementor-top-section elementor-element elementor-element-ad73f53 elementor-section-full_width elementor-section-height-default elementor-section-height-default wpr-particle-no wpr-jarallax-no wpr-parallax-no wpr-sticky-section-no qodef-elementor-content-no\" data-id=\"ad73f53\" data-element_type=\"section\">\n\t\t\t\t\t\t<div class=\"elementor-container elementor-column-gap-no\">\n\t\t\t\t\t<div class=\"elementor-column elementor-col-100 elementor-top-column elementor-element elementor-element-a743c8a\" data-id=\"a743c8a\" data-element_type=\"column\">\n\t\t\t<div class=\"elementor-widget-wrap elementor-element-populated\">\n\t\t\t\t\t\t<div class=\"elementor-element elementor-element-2525b85 elementor-widget elementor-widget-alloggio_core_blockquote\" data-id=\"2525b85\" data-element_type=\"widget\" data-widget_type=\"alloggio_core_blockquote.default\">\n\t\t\t\t<div class=\"elementor-widget-container\">\n\t\t\t\t\t<div class=\"qodef-shortcode qodef-m  qodef-blockquote qodef-alignment--left \">\n\t\t<h4 class=\"qodef-m-title\" >\n\t\t\t\t\tUna visita ai Musei Vaticani e alla Basilica di San Pietro partendo da un esclusivo B&amp;B nel cuore di Roma...\t\t\t<\/h4>\n\t\t<p class=\"qodef-m-author\" >Le eleganti e confortevoli suite di Frattina 57 sono nella posizione ideale per visitare ogni piccolo segreto della Citt\u00e0 Eterna.<\/p>\n<\/div>\t\t\t\t<\/div>\n\t\t\t\t<\/div>\n\t\t\t\t\t<\/div>\n\t\t<\/div>\n\t\t\t\t\t<\/div>\n\t\t<\/section>\n\t\t\t\t<section class=\"elementor-section elementor-top-section elementor-element elementor-element-ba23ce8 elementor-section-full_width elementor-section-height-default elementor-section-height-default wpr-particle-no wpr-jarallax-no wpr-parallax-no wpr-sticky-section-no qodef-elementor-content-no\" data-id=\"ba23ce8\" data-element_type=\"section\">\n\t\t\t\t\t\t<div class=\"elementor-container elementor-column-gap-no\">\n\t\t\t\t\t<div class=\"elementor-column elementor-col-100 elementor-top-column elementor-element elementor-element-2273d27\" data-id=\"2273d27\" data-element_type=\"column\">\n\t\t\t<div class=\"elementor-widget-wrap elementor-element-populated\">\n\t\t\t\t\t\t<div class=\"elementor-element elementor-element-74b0edd elementor-widget elementor-widget-text-editor\" data-id=\"74b0edd\" data-element_type=\"widget\" data-widget_type=\"text-editor.default\">\n\t\t\t\t<div class=\"elementor-widget-container\">\n\t\t\t\t\t\t\t\t\t<p>Nelle sue stanze si trovano i capolavori di maestri come l\u2019inventore<strong>\u00a0Leonardo Da Vinci<\/strong>, il<strong>\u00a0Caravaggio<\/strong>\u00a0e l\u2019imponente<strong>\u00a0Tiziano<\/strong>. Per non parlare di\u00a0<strong>Michelangelo Buonarroti<\/strong>, esponente del Rinascimento Italiano. Molto importante, anche le opere dell\u2019Epoca Egiziana.<\/p>\t\t\t\t\t\t\t\t<\/div>\n\t\t\t\t<\/div>\n\t\t\t\t\t<\/div>\n\t\t<\/div>\n\t\t\t\t\t<\/div>\n\t\t<\/section>\n\t\t\t\t<section class=\"elementor-section elementor-top-section elementor-element elementor-element-1b5188a elementor-section-boxed elementor-section-height-default elementor-section-height-default wpr-particle-no wpr-jarallax-no wpr-parallax-no wpr-sticky-section-no qodef-elementor-content-no\" data-id=\"1b5188a\" data-element_type=\"section\">\n\t\t\t\t\t\t<div class=\"elementor-container elementor-column-gap-default\">\n\t\t\t\t\t<div class=\"elementor-column elementor-col-50 elementor-top-column elementor-element elementor-element-63dcd3f\" data-id=\"63dcd3f\" data-element_type=\"column\">\n\t\t\t<div class=\"elementor-widget-wrap elementor-element-populated\">\n\t\t\t\t\t\t<div class=\"elementor-element elementor-element-fda697f elementor-widget elementor-widget-alloggio_core_image_with_text\" data-id=\"fda697f\" data-element_type=\"widget\" data-widget_type=\"alloggio_core_image_with_text.default\">\n\t\t\t\t<div class=\"elementor-widget-container\">\n\t\t\t\t\t<div class=\"qodef-shortcode qodef-m  qodef-image-with-text qodef-layout--split-text-below  \">\n\t<div class=\"qodef-m-image\">\n\t\t\t\t\t\t\t\t\t<img fetchpriority=\"high\" decoding=\"async\" width=\"800\" height=\"1004\" src=\"https:\/\/www.frattina57.com\/wp-content\/uploads\/bnb-roma-visita-cappella-sistina-camera-matrimoniale-bed-and-breakfast-romantico.jpg\" class=\"qodef-e-main-image\" alt=\"bnb roma visita cappella sistina camera matrimoniale bed and breakfast romantico\" srcset=\"https:\/\/www.frattina57.com\/wp-content\/uploads\/bnb-roma-visita-cappella-sistina-camera-matrimoniale-bed-and-breakfast-romantico.jpg 800w, https:\/\/www.frattina57.com\/wp-content\/uploads\/bnb-roma-visita-cappella-sistina-camera-matrimoniale-bed-and-breakfast-romantico-239x300.jpg 239w, https:\/\/www.frattina57.com\/wp-content\/uploads\/bnb-roma-visita-cappella-sistina-camera-matrimoniale-bed-and-breakfast-romantico-768x964.jpg 768w, https:\/\/www.frattina57.com\/wp-content\/uploads\/bnb-roma-visita-cappella-sistina-camera-matrimoniale-bed-and-breakfast-romantico-600x753.jpg 600w\" sizes=\"(max-width: 800px) 100vw, 800px\" \/>\t\t\t\t\t\t\t\t\t<\/div>\t<div class=\"qodef-m-content\">\n\t\t\t\t\t<\/div>\n<\/div>\t\t\t\t<\/div>\n\t\t\t\t<\/div>\n\t\t\t\t\t<\/div>\n\t\t<\/div>\n\t\t\t\t<div class=\"elementor-column elementor-col-50 elementor-top-column elementor-element elementor-element-530aa85\" data-id=\"530aa85\" data-element_type=\"column\">\n\t\t\t<div class=\"elementor-widget-wrap elementor-element-populated\">\n\t\t\t\t\t\t<div class=\"elementor-element elementor-element-fa693ac elementor-widget elementor-widget-alloggio_core_image_with_text\" data-id=\"fa693ac\" data-element_type=\"widget\" data-widget_type=\"alloggio_core_image_with_text.default\">\n\t\t\t\t<div class=\"elementor-widget-container\">\n\t\t\t\t\t<div class=\"qodef-shortcode qodef-m  qodef-image-with-text qodef-layout--split-text-below  \">\n\t<div class=\"qodef-m-image\">\n\t\t\t\t\t\t\t\t\t<img decoding=\"async\" width=\"800\" height=\"1004\" src=\"https:\/\/www.frattina57.com\/wp-content\/uploads\/suite-vicino-musei-vaticani-visitare-biglietti-saltacoda-camera-elegante-bnb-1.jpg\" class=\"qodef-e-main-image\" alt=\"\" srcset=\"https:\/\/www.frattina57.com\/wp-content\/uploads\/suite-vicino-musei-vaticani-visitare-biglietti-saltacoda-camera-elegante-bnb-1.jpg 800w, https:\/\/www.frattina57.com\/wp-content\/uploads\/suite-vicino-musei-vaticani-visitare-biglietti-saltacoda-camera-elegante-bnb-1-239x300.jpg 239w, https:\/\/www.frattina57.com\/wp-content\/uploads\/suite-vicino-musei-vaticani-visitare-biglietti-saltacoda-camera-elegante-bnb-1-768x964.jpg 768w, https:\/\/www.frattina57.com\/wp-content\/uploads\/suite-vicino-musei-vaticani-visitare-biglietti-saltacoda-camera-elegante-bnb-1-600x753.jpg 600w\" sizes=\"(max-width: 800px) 100vw, 800px\" \/>\t\t\t\t\t\t\t\t\t<\/div>\t<div class=\"qodef-m-content\">\n\t\t\t\t\t<\/div>\n<\/div>\t\t\t\t<\/div>\n\t\t\t\t<\/div>\n\t\t\t\t\t<\/div>\n\t\t<\/div>\n\t\t\t\t\t<\/div>\n\t\t<\/section>\n\t\t\t\t<section class=\"elementor-section elementor-top-section elementor-element elementor-element-947b8f0 elementor-section-full_width elementor-section-height-default elementor-section-height-default wpr-particle-no wpr-jarallax-no wpr-parallax-no wpr-sticky-section-no qodef-elementor-content-no\" data-id=\"947b8f0\" data-element_type=\"section\">\n\t\t\t\t\t\t<div class=\"elementor-container elementor-column-gap-no\">\n\t\t\t\t\t<div class=\"elementor-column elementor-col-100 elementor-top-column elementor-element elementor-element-de72896\" data-id=\"de72896\" data-element_type=\"column\">\n\t\t\t<div class=\"elementor-widget-wrap elementor-element-populated\">\n\t\t\t\t\t\t<div class=\"elementor-element elementor-element-4f0d9c0 elementor-widget elementor-widget-text-editor\" data-id=\"4f0d9c0\" data-element_type=\"widget\" data-widget_type=\"text-editor.default\">\n\t\t\t\t<div class=\"elementor-widget-container\">\n\t\t\t\t\t\t\t\t\t<p>I musei Vaticani si articolano intorno a 54 ricchissime gallerie e diverse sezioni.<\/p><p>Le pi\u00f9 note sono: la<strong>\u00a0Galleria degli Arazzi<\/strong>, allestita nel 1838. Gli arazzi sono esposti nella\u00a0<strong>Pinacoteca Vaticana<\/strong>\u00a0e raccolgono le opere della Scuola Nuova e della Scuola Vecchia. Risalgono al periodo del 1500 e, realizzati prevalentemente a Bruxelles, riprendono opere di Raffaello e dei suoi allievi. Correva l\u2019anno 1531 quando vennero, per la prima volta, esposti al pubblico, proprio nella famosa Cappella Sistina.<\/p><p>La<strong>\u00a0Galleria delle Carte Geografiche<\/strong>, si trova lungo il percorso che conduce verso la Cappella Sistina. Rappresenta uno degli spazi pi\u00f9 suggestivi del comparto museale vaticano. Metri e metri, 120 per la precisione, di carte geografiche che rappresentano le regioni italiane, compresi i porti pi\u00f9 importanti del tempo. Le carte sono state realizzate tra il 1581 e il 1583.<\/p><p>I musei Vaticani, infine, si compongono di diverse sezioni:<strong>\u00a0Pinacoteca<\/strong>,\u00a0<strong>Stanze di Raffaello<\/strong>,<strong>\u00a0Museo Etrusco Gregoriano<\/strong>,\u00a0<strong>Museo Missionario-Etnologico<\/strong>\u00a0e, la famosa,\u00a0<strong>Cappella Sistina<\/strong>.<\/p>\t\t\t\t\t\t\t\t<\/div>\n\t\t\t\t<\/div>\n\t\t\t\t\t<\/div>\n\t\t<\/div>\n\t\t\t\t\t<\/div>\n\t\t<\/section>\n\t\t\t\t<section class=\"elementor-section elementor-top-section elementor-element elementor-element-d5f9e7f elementor-section-full_width elementor-section-height-default elementor-section-height-default wpr-particle-no wpr-jarallax-no wpr-parallax-no wpr-sticky-section-no qodef-elementor-content-no\" data-id=\"d5f9e7f\" data-element_type=\"section\">\n\t\t\t\t\t\t<div class=\"elementor-container elementor-column-gap-no\">\n\t\t\t\t\t<div class=\"elementor-column elementor-col-100 elementor-top-column elementor-element elementor-element-d9afe4a\" data-id=\"d9afe4a\" data-element_type=\"column\">\n\t\t\t<div class=\"elementor-widget-wrap elementor-element-populated\">\n\t\t\t\t\t\t<div class=\"elementor-element elementor-element-1a734a2 elementor-widget elementor-widget-text-editor\" data-id=\"1a734a2\" data-element_type=\"widget\" data-widget_type=\"text-editor.default\">\n\t\t\t\t<div class=\"elementor-widget-container\">\n\t\t\t\t\t\t\t\t\t<p>Il complesso museale Vaticano &#8211; che comprende i palazzi Vaticani e i musei, oltre a diversi spazi esterni, come i giardini &#8211; venne fondato nel 1506 per volere dell\u2019allora\u00a0<strong>papa Giulio II<\/strong>.<\/p><p>Per l\u2019apertura al pubblico, invece, si dovette attendere sino al 1771 quando papa<strong>\u00a0Clemente XIV<\/strong>\u00a0espose il<strong>\u00a0Gruppo del Laocoonte<\/strong>\u00a0e la famosa statua che lo rappresenta. Questa figura mitologica, seppur poco nota, ha preso parte ad uno degli episodi pi\u00f9 famosi dell\u2019opera letteraria greca, quella che coinvolge il dono del cavallo di legno ai troiani da parte dei greci. Ecco, Laocoonte era il sacerdote che prov\u00f2 a convincere i troiani a non accettare il cavallo. La statua venne trovata in una vigna romana e acquistata proprio dal proprietario della vigna.<\/p><p>Una curiosit\u00e0 legata alla storia di Musei ci riporta al periodi dei nazionalismi in Europa. Era il 1938 quando al gi\u00e0 temuto F\u00fchrer venne impedito di visitare i Musei Vaticani. Tutto merito di papa Pio XI che chiuse il complesso a tutti gli ospiti pur di evitare la sgradita visita. Adolf Hitler non riusc\u00ec mai a visitarli.\u00a0<\/p><p>\u00a0<\/p><p><strong>La meravigliosa Cappella Sistina<\/strong><\/p><p>La cappella pi\u00f9 importante di tutto il palazzo apostolico. \u00c8 uno dei simboli della cultura, dell\u2019arte e dell\u2019architettura dell\u2019Italia nel mondo. Dedicata a Maria Assunta in Cielo, questa cappella \u00e8 stata voluta da\u00a0<strong>papa Sisto IV della Rovere<\/strong>\u00a0che la fece costruire negli anni tra il 1475 e il 1481.<\/p><p>La Cappella Sistina \u00e8 affrescata dalla mano di Michelangelo Buonarroti che ricopr\u00ec la volta e la parete che si trova sopra l\u2019altare. Proprio sopra l\u2019altare si trova il famoso &#8220;<strong>Giudizio Universale<\/strong>&#8220;.<\/p><p>Gli occhi di tutto il mondo la possono ammirare, attraverso le telecamere dei media, durante le cerimonie ufficiali che coinvolgono il pontefice oltre che nei giorni del\u00a0<strong>Conclave<\/strong>\u00a0quando la Chiesa elegge il nuovo Papa.<\/p><p>Una curiosit\u00e0: molti film ambientano scene dentro questa stanza ma nessuno ha mai avuto il permesso di utilizzarla per questo scopo.<\/p><p>In poche parole, tutte le &#8220;Cappella Sistina&#8221; viste nei film sono delle ricostruzioni in studi di cinematografia<\/p>\t\t\t\t\t\t\t\t<\/div>\n\t\t\t\t<\/div>\n\t\t\t\t\t<\/div>\n\t\t<\/div>\n\t\t\t\t\t<\/div>\n\t\t<\/section>\n\t\t\t\t<\/div>\n\t\t","protected":false},"excerpt":{"rendered":"<p>Con un strabiliante passeggiata nel cuore di Roma, partendo dal nostro esclusivo B&#038;B nel centro storico, \u00e8 molto semplice raggiungere il Vaticano, la Basilica di San Pietro e ammirare la magnificenza dei Musei Vaticani, il complesso museale pi\u00f9 importante in Italia. Tra queste mura sono custodite le opere di importanti artisti, noti in tutto il mondo.<\/p>\n","protected":false},"author":2,"featured_media":4611,"comment_status":"closed","ping_status":"closed","sticky":false,"template":"","format":"standard","meta":{"footnotes":""},"categories":[136,133,132,134,137],"tags":[129,125,130,124,126],"class_list":["post-250","post","type-post","status-publish","format-standard","has-post-thumbnail","hentry","category-consigli","category-cose-da-fare-a-roma","category-cose-da-vedere-a-roma","category-monumenti-roma","category-roma","tag-cose-da-fare-a-roma","tag-cose-da-vedere","tag-cose-da-vedere-a-roma","tag-monumenti-roma","tag-roma"],"yoast_head":"<!-- This site is optimized with the Yoast SEO plugin v25.3 - https:\/\/yoast.com\/wordpress\/plugins\/seo\/ -->\n<title>Musei Vaticani - Frattina 57<\/title>\n<meta name=\"robots\" content=\"index, follow, max-snippet:-1, max-image-preview:large, max-video-preview:-1\" \/>\n<link rel=\"canonical\" href=\"https:\/\/www.frattina57.com\/index.php\/2025\/03\/05\/musei-vaticani\/\" \/>\n<meta property=\"og:locale\" content=\"it_IT\" \/>\n<meta property=\"og:type\" content=\"article\" \/>\n<meta property=\"og:title\" content=\"Musei Vaticani - Frattina 57\" \/>\n<meta property=\"og:description\" content=\"Con un strabiliante passeggiata nel cuore di Roma, partendo dal nostro esclusivo B&amp;B nel centro storico, \u00e8 molto semplice raggiungere il Vaticano, la Basilica di San Pietro e ammirare la magnificenza dei Musei Vaticani, il complesso museale pi\u00f9 importante in Italia. Tra queste mura sono custodite le opere di importanti artisti, noti in tutto il mondo.\" \/>\n<meta property=\"og:url\" content=\"https:\/\/www.frattina57.com\/index.php\/2025\/03\/05\/musei-vaticani\/\" \/>\n<meta property=\"og:site_name\" content=\"Frattina 57\" \/>\n<meta property=\"article:publisher\" content=\"https:\/\/facebook.com\/frattina57\/\" \/>\n<meta property=\"article:published_time\" content=\"2025-03-05T13:44:00+00:00\" \/>\n<meta property=\"article:modified_time\" content=\"2025-04-22T09:11:16+00:00\" \/>\n<meta property=\"og:image\" content=\"https:\/\/www.frattina57.com\/wp-content\/uploads\/musei-vaticani-suite-elegante-bnb-vicino-vaticano-camere-centro-roma.jpg\" \/>\n\t<meta property=\"og:image:width\" content=\"972\" \/>\n\t<meta property=\"og:image:height\" content=\"1188\" \/>\n\t<meta property=\"og:image:type\" content=\"image\/jpeg\" \/>\n<meta name=\"author\" content=\"frattina\" \/>\n<meta name=\"twitter:card\" content=\"summary_large_image\" \/>\n<meta name=\"twitter:label1\" content=\"Scritto da\" \/>\n\t<meta name=\"twitter:data1\" content=\"frattina\" \/>\n\t<meta name=\"twitter:label2\" content=\"Tempo di lettura stimato\" \/>\n\t<meta name=\"twitter:data2\" content=\"3 minuti\" \/>\n<script type=\"application\/ld+json\" class=\"yoast-schema-graph\">{\"@context\":\"https:\/\/schema.org\",\"@graph\":[{\"@type\":\"Article\",\"@id\":\"https:\/\/www.frattina57.com\/index.php\/2025\/03\/05\/musei-vaticani\/#article\",\"isPartOf\":{\"@id\":\"https:\/\/www.frattina57.com\/index.php\/2025\/03\/05\/musei-vaticani\/\"},\"author\":{\"name\":\"frattina\",\"@id\":\"https:\/\/www.frattina57.com\/#\/schema\/person\/2367561b79b6e25547c37459bdd9dfdd\"},\"headline\":\"Musei Vaticani\",\"datePublished\":\"2025-03-05T13:44:00+00:00\",\"dateModified\":\"2025-04-22T09:11:16+00:00\",\"mainEntityOfPage\":{\"@id\":\"https:\/\/www.frattina57.com\/index.php\/2025\/03\/05\/musei-vaticani\/\"},\"wordCount\":657,\"publisher\":{\"@id\":\"https:\/\/www.frattina57.com\/#organization\"},\"image\":{\"@id\":\"https:\/\/www.frattina57.com\/index.php\/2025\/03\/05\/musei-vaticani\/#primaryimage\"},\"thumbnailUrl\":\"https:\/\/www.frattina57.com\/wp-content\/uploads\/musei-vaticani-suite-elegante-bnb-vicino-vaticano-camere-centro-roma.jpg\",\"keywords\":[\"cose da fare a roma\",\"cose da vedere\",\"cose da vedere a roma\",\"monumenti roma\",\"roma\"],\"articleSection\":[\"consigli\",\"Cose da fare a Roma\",\"Cose da vedere a Roma\",\"monumenti roma\",\"roma\"],\"inLanguage\":\"it-IT\"},{\"@type\":\"WebPage\",\"@id\":\"https:\/\/www.frattina57.com\/index.php\/2025\/03\/05\/musei-vaticani\/\",\"url\":\"https:\/\/www.frattina57.com\/index.php\/2025\/03\/05\/musei-vaticani\/\",\"name\":\"Musei Vaticani - Frattina 57\",\"isPartOf\":{\"@id\":\"https:\/\/www.frattina57.com\/#website\"},\"primaryImageOfPage\":{\"@id\":\"https:\/\/www.frattina57.com\/index.php\/2025\/03\/05\/musei-vaticani\/#primaryimage\"},\"image\":{\"@id\":\"https:\/\/www.frattina57.com\/index.php\/2025\/03\/05\/musei-vaticani\/#primaryimage\"},\"thumbnailUrl\":\"https:\/\/www.frattina57.com\/wp-content\/uploads\/musei-vaticani-suite-elegante-bnb-vicino-vaticano-camere-centro-roma.jpg\",\"datePublished\":\"2025-03-05T13:44:00+00:00\",\"dateModified\":\"2025-04-22T09:11:16+00:00\",\"breadcrumb\":{\"@id\":\"https:\/\/www.frattina57.com\/index.php\/2025\/03\/05\/musei-vaticani\/#breadcrumb\"},\"inLanguage\":\"it-IT\",\"potentialAction\":[{\"@type\":\"ReadAction\",\"target\":[\"https:\/\/www.frattina57.com\/index.php\/2025\/03\/05\/musei-vaticani\/\"]}]},{\"@type\":\"ImageObject\",\"inLanguage\":\"it-IT\",\"@id\":\"https:\/\/www.frattina57.com\/index.php\/2025\/03\/05\/musei-vaticani\/#primaryimage\",\"url\":\"https:\/\/www.frattina57.com\/wp-content\/uploads\/musei-vaticani-suite-elegante-bnb-vicino-vaticano-camere-centro-roma.jpg\",\"contentUrl\":\"https:\/\/www.frattina57.com\/wp-content\/uploads\/musei-vaticani-suite-elegante-bnb-vicino-vaticano-camere-centro-roma.jpg\",\"width\":972,\"height\":1188,\"caption\":\"musei vaticani suite elegante bnb vicino vaticano camere centro roma\"},{\"@type\":\"BreadcrumbList\",\"@id\":\"https:\/\/www.frattina57.com\/index.php\/2025\/03\/05\/musei-vaticani\/#breadcrumb\",\"itemListElement\":[{\"@type\":\"ListItem\",\"position\":1,\"name\":\"Home\",\"item\":\"https:\/\/www.frattina57.com\/\"},{\"@type\":\"ListItem\",\"position\":2,\"name\":\"Musei Vaticani\"}]},{\"@type\":\"WebSite\",\"@id\":\"https:\/\/www.frattina57.com\/#website\",\"url\":\"https:\/\/www.frattina57.com\/\",\"name\":\"Frattina 57\",\"description\":\"Luxury suite al centro di Roma - Romantico ed esclusivo B&amp;B - Design Rooms\",\"publisher\":{\"@id\":\"https:\/\/www.frattina57.com\/#organization\"},\"potentialAction\":[{\"@type\":\"SearchAction\",\"target\":{\"@type\":\"EntryPoint\",\"urlTemplate\":\"https:\/\/www.frattina57.com\/?s={search_term_string}\"},\"query-input\":{\"@type\":\"PropertyValueSpecification\",\"valueRequired\":true,\"valueName\":\"search_term_string\"}}],\"inLanguage\":\"it-IT\"},{\"@type\":\"Organization\",\"@id\":\"https:\/\/www.frattina57.com\/#organization\",\"name\":\"Frattina 57\",\"url\":\"https:\/\/www.frattina57.com\/\",\"logo\":{\"@type\":\"ImageObject\",\"inLanguage\":\"it-IT\",\"@id\":\"https:\/\/www.frattina57.com\/#\/schema\/logo\/image\/\",\"url\":\"http:\/\/www.frattina57.com\/wp-content\/uploads\/2021\/02\/luxury-suite-elegante-centro-roma-camere-design-hotel.png\",\"contentUrl\":\"http:\/\/www.frattina57.com\/wp-content\/uploads\/2021\/02\/luxury-suite-elegante-centro-roma-camere-design-hotel.png\",\"width\":800,\"height\":800,\"caption\":\"Frattina 57\"},\"image\":{\"@id\":\"https:\/\/www.frattina57.com\/#\/schema\/logo\/image\/\"},\"sameAs\":[\"https:\/\/facebook.com\/frattina57\/\",\"https:\/\/www.instagram.com\/frattina57\/\"]},{\"@type\":\"Person\",\"@id\":\"https:\/\/www.frattina57.com\/#\/schema\/person\/2367561b79b6e25547c37459bdd9dfdd\",\"name\":\"frattina\",\"image\":{\"@type\":\"ImageObject\",\"inLanguage\":\"it-IT\",\"@id\":\"https:\/\/www.frattina57.com\/#\/schema\/person\/image\/\",\"url\":\"https:\/\/secure.gravatar.com\/avatar\/f6a412fd5ba9e3ba121e5c2a2fcb1dbe2713ba62da08de7f9fff0ea6aaede9de?s=96&d=mm&r=g\",\"contentUrl\":\"https:\/\/secure.gravatar.com\/avatar\/f6a412fd5ba9e3ba121e5c2a2fcb1dbe2713ba62da08de7f9fff0ea6aaede9de?s=96&d=mm&r=g\",\"caption\":\"frattina\"},\"url\":\"https:\/\/www.frattina57.com\/index.php\/author\/frattina\/\"}]}<\/script>\n<!-- \/ Yoast SEO plugin. -->","yoast_head_json":{"title":"Musei Vaticani - Frattina 57","robots":{"index":"index","follow":"follow","max-snippet":"max-snippet:-1","max-image-preview":"max-image-preview:large","max-video-preview":"max-video-preview:-1"},"canonical":"https:\/\/www.frattina57.com\/index.php\/2025\/03\/05\/musei-vaticani\/","og_locale":"it_IT","og_type":"article","og_title":"Musei Vaticani - Frattina 57","og_description":"Con un strabiliante passeggiata nel cuore di Roma, partendo dal nostro esclusivo B&B nel centro storico, \u00e8 molto semplice raggiungere il Vaticano, la Basilica di San Pietro e ammirare la magnificenza dei Musei Vaticani, il complesso museale pi\u00f9 importante in Italia. Tra queste mura sono custodite le opere di importanti artisti, noti in tutto il mondo.","og_url":"https:\/\/www.frattina57.com\/index.php\/2025\/03\/05\/musei-vaticani\/","og_site_name":"Frattina 57","article_publisher":"https:\/\/facebook.com\/frattina57\/","article_published_time":"2025-03-05T13:44:00+00:00","article_modified_time":"2025-04-22T09:11:16+00:00","og_image":[{"width":972,"height":1188,"url":"https:\/\/www.frattina57.com\/wp-content\/uploads\/musei-vaticani-suite-elegante-bnb-vicino-vaticano-camere-centro-roma.jpg","type":"image\/jpeg"}],"author":"frattina","twitter_card":"summary_large_image","twitter_misc":{"Scritto da":"frattina","Tempo di lettura stimato":"3 minuti"},"schema":{"@context":"https:\/\/schema.org","@graph":[{"@type":"Article","@id":"https:\/\/www.frattina57.com\/index.php\/2025\/03\/05\/musei-vaticani\/#article","isPartOf":{"@id":"https:\/\/www.frattina57.com\/index.php\/2025\/03\/05\/musei-vaticani\/"},"author":{"name":"frattina","@id":"https:\/\/www.frattina57.com\/#\/schema\/person\/2367561b79b6e25547c37459bdd9dfdd"},"headline":"Musei Vaticani","datePublished":"2025-03-05T13:44:00+00:00","dateModified":"2025-04-22T09:11:16+00:00","mainEntityOfPage":{"@id":"https:\/\/www.frattina57.com\/index.php\/2025\/03\/05\/musei-vaticani\/"},"wordCount":657,"publisher":{"@id":"https:\/\/www.frattina57.com\/#organization"},"image":{"@id":"https:\/\/www.frattina57.com\/index.php\/2025\/03\/05\/musei-vaticani\/#primaryimage"},"thumbnailUrl":"https:\/\/www.frattina57.com\/wp-content\/uploads\/musei-vaticani-suite-elegante-bnb-vicino-vaticano-camere-centro-roma.jpg","keywords":["cose da fare a roma","cose da vedere","cose da vedere a roma","monumenti roma","roma"],"articleSection":["consigli","Cose da fare a Roma","Cose da vedere a Roma","monumenti roma","roma"],"inLanguage":"it-IT"},{"@type":"WebPage","@id":"https:\/\/www.frattina57.com\/index.php\/2025\/03\/05\/musei-vaticani\/","url":"https:\/\/www.frattina57.com\/index.php\/2025\/03\/05\/musei-vaticani\/","name":"Musei Vaticani - Frattina 57","isPartOf":{"@id":"https:\/\/www.frattina57.com\/#website"},"primaryImageOfPage":{"@id":"https:\/\/www.frattina57.com\/index.php\/2025\/03\/05\/musei-vaticani\/#primaryimage"},"image":{"@id":"https:\/\/www.frattina57.com\/index.php\/2025\/03\/05\/musei-vaticani\/#primaryimage"},"thumbnailUrl":"https:\/\/www.frattina57.com\/wp-content\/uploads\/musei-vaticani-suite-elegante-bnb-vicino-vaticano-camere-centro-roma.jpg","datePublished":"2025-03-05T13:44:00+00:00","dateModified":"2025-04-22T09:11:16+00:00","breadcrumb":{"@id":"https:\/\/www.frattina57.com\/index.php\/2025\/03\/05\/musei-vaticani\/#breadcrumb"},"inLanguage":"it-IT","potentialAction":[{"@type":"ReadAction","target":["https:\/\/www.frattina57.com\/index.php\/2025\/03\/05\/musei-vaticani\/"]}]},{"@type":"ImageObject","inLanguage":"it-IT","@id":"https:\/\/www.frattina57.com\/index.php\/2025\/03\/05\/musei-vaticani\/#primaryimage","url":"https:\/\/www.frattina57.com\/wp-content\/uploads\/musei-vaticani-suite-elegante-bnb-vicino-vaticano-camere-centro-roma.jpg","contentUrl":"https:\/\/www.frattina57.com\/wp-content\/uploads\/musei-vaticani-suite-elegante-bnb-vicino-vaticano-camere-centro-roma.jpg","width":972,"height":1188,"caption":"musei vaticani suite elegante bnb vicino vaticano camere centro roma"},{"@type":"BreadcrumbList","@id":"https:\/\/www.frattina57.com\/index.php\/2025\/03\/05\/musei-vaticani\/#breadcrumb","itemListElement":[{"@type":"ListItem","position":1,"name":"Home","item":"https:\/\/www.frattina57.com\/"},{"@type":"ListItem","position":2,"name":"Musei Vaticani"}]},{"@type":"WebSite","@id":"https:\/\/www.frattina57.com\/#website","url":"https:\/\/www.frattina57.com\/","name":"Frattina 57","description":"Luxury suite al centro di Roma - Romantico ed esclusivo B&amp;B - Design Rooms","publisher":{"@id":"https:\/\/www.frattina57.com\/#organization"},"potentialAction":[{"@type":"SearchAction","target":{"@type":"EntryPoint","urlTemplate":"https:\/\/www.frattina57.com\/?s={search_term_string}"},"query-input":{"@type":"PropertyValueSpecification","valueRequired":true,"valueName":"search_term_string"}}],"inLanguage":"it-IT"},{"@type":"Organization","@id":"https:\/\/www.frattina57.com\/#organization","name":"Frattina 57","url":"https:\/\/www.frattina57.com\/","logo":{"@type":"ImageObject","inLanguage":"it-IT","@id":"https:\/\/www.frattina57.com\/#\/schema\/logo\/image\/","url":"http:\/\/www.frattina57.com\/wp-content\/uploads\/2021\/02\/luxury-suite-elegante-centro-roma-camere-design-hotel.png","contentUrl":"http:\/\/www.frattina57.com\/wp-content\/uploads\/2021\/02\/luxury-suite-elegante-centro-roma-camere-design-hotel.png","width":800,"height":800,"caption":"Frattina 57"},"image":{"@id":"https:\/\/www.frattina57.com\/#\/schema\/logo\/image\/"},"sameAs":["https:\/\/facebook.com\/frattina57\/","https:\/\/www.instagram.com\/frattina57\/"]},{"@type":"Person","@id":"https:\/\/www.frattina57.com\/#\/schema\/person\/2367561b79b6e25547c37459bdd9dfdd","name":"frattina","image":{"@type":"ImageObject","inLanguage":"it-IT","@id":"https:\/\/www.frattina57.com\/#\/schema\/person\/image\/","url":"https:\/\/secure.gravatar.com\/avatar\/f6a412fd5ba9e3ba121e5c2a2fcb1dbe2713ba62da08de7f9fff0ea6aaede9de?s=96&d=mm&r=g","contentUrl":"https:\/\/secure.gravatar.com\/avatar\/f6a412fd5ba9e3ba121e5c2a2fcb1dbe2713ba62da08de7f9fff0ea6aaede9de?s=96&d=mm&r=g","caption":"frattina"},"url":"https:\/\/www.frattina57.com\/index.php\/author\/frattina\/"}]}},"_links":{"self":[{"href":"https:\/\/www.frattina57.com\/index.php\/wp-json\/wp\/v2\/posts\/250","targetHints":{"allow":["GET"]}}],"collection":[{"href":"https:\/\/www.frattina57.com\/index.php\/wp-json\/wp\/v2\/posts"}],"about":[{"href":"https:\/\/www.frattina57.com\/index.php\/wp-json\/wp\/v2\/types\/post"}],"author":[{"embeddable":true,"href":"https:\/\/www.frattina57.com\/index.php\/wp-json\/wp\/v2\/users\/2"}],"replies":[{"embeddable":true,"href":"https:\/\/www.frattina57.com\/index.php\/wp-json\/wp\/v2\/comments?post=250"}],"version-history":[{"count":28,"href":"https:\/\/www.frattina57.com\/index.php\/wp-json\/wp\/v2\/posts\/250\/revisions"}],"predecessor-version":[{"id":4695,"href":"https:\/\/www.frattina57.com\/index.php\/wp-json\/wp\/v2\/posts\/250\/revisions\/4695"}],"wp:featuredmedia":[{"embeddable":true,"href":"https:\/\/www.frattina57.com\/index.php\/wp-json\/wp\/v2\/media\/4611"}],"wp:attachment":[{"href":"https:\/\/www.frattina57.com\/index.php\/wp-json\/wp\/v2\/media?parent=250"}],"wp:term":[{"taxonomy":"category","embeddable":true,"href":"https:\/\/www.frattina57.com\/index.php\/wp-json\/wp\/v2\/categories?post=250"},{"taxonomy":"post_tag","embeddable":true,"href":"https:\/\/www.frattina57.com\/index.php\/wp-json\/wp\/v2\/tags?post=250"}],"curies":[{"name":"wp","href":"https:\/\/api.w.org\/{rel}","templated":true}]}}